{"id":5045,"date":"2026-03-17T07:52:40","date_gmt":"2026-03-17T06:52:40","guid":{"rendered":"https:\/\/palacgoszcz.twardogora.pl\/?p=5045"},"modified":"2026-03-17T07:52:43","modified_gmt":"2026-03-17T06:52:43","slug":"wieczor-z-ksiazka","status":"publish","type":"post","link":"https:\/\/palacgoszcz.twardogora.pl\/index.php\/2026\/03\/17\/wieczor-z-ksiazka\/","title":{"rendered":"WIECZ\u00d3R Z KSI\u0104\u017bK\u0104"},"content":{"rendered":"\n<p>Zapraszamy na Wiecz\u00f3r z ksi\u0105\u017ck\u0105, kt\u00f3ry odb\u0119dzie si\u0119 21 marca 2026 r. w godz. 17:00-19:00 w wyj\u0105tkowej przestrzeni Pa\u0142ac Goszcz.<\/p>\n\n\n\n<p>Wydarzenie organizowane jest przez M\u0142odzie\u017cowa Rada Gminy Twardog\u00f3ra, Twardog\u00f3rski Pa\u0142ac Kultury Centrum Aktywno\u015bci Spo\u0142ecznej oraz Pa\u0142ac Goszcz.<\/p>\n\n\n\n<p>To doskona\u0142a okazja, aby sp\u0119dzi\u0107 czas w gronie mi\u0142o\u015bnik\u00f3w literatury &#8211; podzieli\u0107 si\u0119 swoj\u0105 ulubion\u0105 ksi\u0105\u017ck\u0105, pozna\u0107 opinie innych uczestnik\u00f3w oraz zrelaksowa\u0107 si\u0119 w niepowtarzalnej, pa\u0142acowej atmosferze.<\/p>\n\n\n\n<figure class=\"wp-block-image size-large\"><img loading=\"lazy\" decoding=\"async\" width=\"1200\" height=\"1485\" src=\"https:\/\/palacgoszcz.twardogora.pl\/wp-content\/uploads\/2026\/03\/plakat-png-1200x1485.png\" alt=\"\" class=\"wp-image-5046\" srcset=\"https:\/\/palacgoszcz.twardogora.pl\/wp-content\/uploads\/2026\/03\/plakat-png-1200x1485.png 1200w, https:\/\/palacgoszcz.twardogora.pl\/wp-content\/uploads\/2026\/03\/plakat-png-744x921.png 744w, https:\/\/palacgoszcz.twardogora.pl\/wp-content\/uploads\/2026\/03\/plakat-png-1241x1536.png 1241w, https:\/\/palacgoszcz.twardogora.pl\/wp-content\/uploads\/2026\/03\/plakat-png.png 1655w\" sizes=\"auto, (max-width: 1200px) 100vw, 1200px\" \/><\/figure>\n\n\n\n<p><\/p>\n","protected":false},"excerpt":{"rendered":"<div class=\"entry-summary\">\n<div class=\"entry-summary\">\nZapraszamy na Wiecz\u00f3r z ksi\u0105\u017ck\u0105, kt\u00f3ry odb\u0119dzie si\u0119 21 marca 2026 r. w godz. 17:00-19:00 w wyj\u0105tkowej przestrzeni Pa\u0142ac Goszcz. Wydarzenie organizowane jest przez M\u0142odzie\u017cowa Rada Gminy Twardog\u00f3ra, Twardog\u00f3rski Pa\u0142ac Kultury Centrum Aktywno\u015bci Spo\u0142ecznej oraz Pa\u0142ac Goszcz. To doskona\u0142a okazja,&hellip;\n<\/div>\n<div class=\"link-more\"><a href=\"https:\/\/palacgoszcz.twardogora.pl\/index.php\/2026\/03\/17\/wieczor-z-ksiazka\/\" class=\"more-link\">Czytaj dalej<span class=\"screen-reader-text\"> &ldquo;WIECZ\u00d3R Z KSI\u0104\u017bK\u0104&rdquo;<\/span>&hellip;<\/a><\/div>\n<\/div>\n<div class=\"link-more\"><a href=\"https:\/\/palacgoszcz.twardogora.pl\/index.php\/2026\/03\/17\/wieczor-z-ksiazka\/\" class=\"more-link\">Czytaj dalej<span class=\"screen-reader-text\"> &ldquo;WIECZ\u00d3R Z KSI\u0104\u017bK\u0104&rdquo;<\/span>&hellip;<\/a><\/div>\n","protected":false},"author":4,"featured_media":5047,"comment_status":"open","ping_status":"open","sticky":false,"template":"","format":"standard","meta":{"_acf_changed":false,"_monsterinsights_skip_tracking":false,"_monsterinsights_sitenote_active":false,"_monsterinsights_sitenote_note":"","_monsterinsights_sitenote_category":0,"pgc_sgb_lightbox_settings":"","footnotes":""},"categories":[1],"tags":[],"class_list":["post-5045","post","type-post","status-publish","format-standard","has-post-thumbnail","hentry","category-aktualnosci","entry"],"acf":[],"_links":{"self":[{"href":"https:\/\/palacgoszcz.twardogora.pl\/index.php\/wp-json\/wp\/v2\/posts\/5045","targetHints":{"allow":["GET"]}}],"collection":[{"href":"https:\/\/palacgoszcz.twardogora.pl\/index.php\/wp-json\/wp\/v2\/posts"}],"about":[{"href":"https:\/\/palacgoszcz.twardogora.pl\/index.php\/wp-json\/wp\/v2\/types\/post"}],"author":[{"embeddable":true,"href":"https:\/\/palacgoszcz.twardogora.pl\/index.php\/wp-json\/wp\/v2\/users\/4"}],"replies":[{"embeddable":true,"href":"https:\/\/palacgoszcz.twardogora.pl\/index.php\/wp-json\/wp\/v2\/comments?post=5045"}],"version-history":[{"count":1,"href":"https:\/\/palacgoszcz.twardogora.pl\/index.php\/wp-json\/wp\/v2\/posts\/5045\/revisions"}],"predecessor-version":[{"id":5048,"href":"https:\/\/palacgoszcz.twardogora.pl\/index.php\/wp-json\/wp\/v2\/posts\/5045\/revisions\/5048"}],"wp:featuredmedia":[{"embeddable":true,"href":"https:\/\/palacgoszcz.twardogora.pl\/index.php\/wp-json\/wp\/v2\/media\/5047"}],"wp:attachment":[{"href":"https:\/\/palacgoszcz.twardogora.pl\/index.php\/wp-json\/wp\/v2\/media?parent=5045"}],"wp:term":[{"taxonomy":"category","embeddable":true,"href":"https:\/\/palacgoszcz.twardogora.pl\/index.php\/wp-json\/wp\/v2\/categories?post=5045"},{"taxonomy":"post_tag","embeddable":true,"href":"https:\/\/palacgoszcz.twardogora.pl\/index.php\/wp-json\/wp\/v2\/tags?post=5045"}],"curies":[{"name":"wp","href":"https:\/\/api.w.org\/{rel}","templated":true}]}}