{"id":4800,"date":"2025-12-19T08:18:38","date_gmt":"2025-12-19T07:18:38","guid":{"rendered":"https:\/\/palacgoszcz.twardogora.pl\/?p=4800"},"modified":"2025-12-19T08:18:41","modified_gmt":"2025-12-19T07:18:41","slug":"wystawa-prac-artystycznych-renaty-sobczak","status":"publish","type":"post","link":"https:\/\/palacgoszcz.twardogora.pl\/index.php\/2025\/12\/19\/wystawa-prac-artystycznych-renaty-sobczak\/","title":{"rendered":"WYSTAWA PRAC ARTYSTYCZNYCH RENATY SOBCZAK"},"content":{"rendered":"\n<p>\u201eKolory i Formy\u201d<\/p>\n\n\n\n<p>W dniach 1\u201330 czerwca 2025 roku w sali wystawienniczej w Goszczu prezentowana by\u0142a wystawa prac Renaty Sobczak pt. \u201eKolory i Formy\u201d. Ekspozycja obejmowa\u0142a malarstwo oraz tkanin\u0119 artystyczn\u0105, ukazuj\u0105c r\u00f3\u017cnorodno\u015b\u0107 \u015brodk\u00f3w wyrazu i indywidualny j\u0119zyk artystyczny autorki.<\/p>\n\n\n\n<p>Uroczysty wernisa\u017c wystawy odby\u0142 si\u0119 1 czerwca 2025 roku o godz. 14:00.<\/p>\n\n\n\n<h4 class=\"wp-block-heading\">O autorce<\/h4>\n\n\n\n<p>Renata Sobczak &#8211; Ole\u015bniczanka, absolwentka Akademii Sztuk Trzeciego Wieku (ASTW) przy Autorskim Liceum Artystycznym we Wroc\u0142awiu. Po trzyletniej nauce uzyska\u0142a dyplom z malarstwa w pracowni Mateusza Budzy\u0144skiego oraz z tkaniny artystycznej w pracowni Edyty Bia\u0142ackiej. Swoje zainteresowania poszerzy\u0142a r\u00f3wnie\u017c o rze\u017ab\u0119 i witra\u017c.<\/p>\n\n\n\n<p>Edukacj\u0119 artystyczn\u0105 kontynuowa\u0142a we Wroc\u0142awiu w pracowni Katarzyny Kulpy, a nast\u0119pnie w Ole\u015bnicy w pracowni malarstwa sztalugowego zorganizowanej przez MOKiS, gdzie do dzi\u015b rozwija swoje umiej\u0119tno\u015bci pod okiem Jaros\u0142awa Kie\u0142basiewicza.<\/p>\n\n\n\n<p>Artystka ma na koncie liczne wystawy indywidualne i zbiorowe w Ole\u015bnicy, Psim Polu, Namys\u0142owie oraz we Wroc\u0142awiu. Od 2012 roku jej tkaniny artystyczne bra\u0142y udzia\u0142 w konkursach ATA &#8211; Aneks Tw\u00f3rczo\u015bci Artystycznej w Namys\u0142owie, zdobywaj\u0105c czo\u0142owe nagrody. W 2013 roku jedna z prac zosta\u0142a zakwalifikowana na wystaw\u0119 towarzysz\u0105c\u0105 Warszawskim Juwenaliom i by\u0142a prezentowana w budynku Sejmu RP.<\/p>\n\n\n\n<figure class=\"wp-block-image size-large\"><img loading=\"lazy\" decoding=\"async\" width=\"1200\" height=\"800\" src=\"https:\/\/palacgoszcz.twardogora.pl\/wp-content\/uploads\/2025\/12\/503487543_734755342335733_7119555403238390318_n-1200x800.jpg\" alt=\"\" class=\"wp-image-4801\" srcset=\"https:\/\/palacgoszcz.twardogora.pl\/wp-content\/uploads\/2025\/12\/503487543_734755342335733_7119555403238390318_n-1200x800.jpg 1200w, https:\/\/palacgoszcz.twardogora.pl\/wp-content\/uploads\/2025\/12\/503487543_734755342335733_7119555403238390318_n-744x496.jpg 744w, https:\/\/palacgoszcz.twardogora.pl\/wp-content\/uploads\/2025\/12\/503487543_734755342335733_7119555403238390318_n-1536x1025.jpg 1536w, https:\/\/palacgoszcz.twardogora.pl\/wp-content\/uploads\/2025\/12\/503487543_734755342335733_7119555403238390318_n.jpg 2048w\" sizes=\"auto, (max-width: 1200px) 100vw, 1200px\" \/><\/figure>\n\n\n\n<figure class=\"wp-block-image size-large\"><img loading=\"lazy\" decoding=\"async\" width=\"1200\" height=\"800\" src=\"https:\/\/palacgoszcz.twardogora.pl\/wp-content\/uploads\/2025\/12\/503405944_734755462335721_4148874457163332231_n-1200x800.jpg\" alt=\"\" class=\"wp-image-4802\" srcset=\"https:\/\/palacgoszcz.twardogora.pl\/wp-content\/uploads\/2025\/12\/503405944_734755462335721_4148874457163332231_n-1200x800.jpg 1200w, https:\/\/palacgoszcz.twardogora.pl\/wp-content\/uploads\/2025\/12\/503405944_734755462335721_4148874457163332231_n-744x496.jpg 744w, https:\/\/palacgoszcz.twardogora.pl\/wp-content\/uploads\/2025\/12\/503405944_734755462335721_4148874457163332231_n-1536x1025.jpg 1536w, https:\/\/palacgoszcz.twardogora.pl\/wp-content\/uploads\/2025\/12\/503405944_734755462335721_4148874457163332231_n.jpg 2048w\" sizes=\"auto, (max-width: 1200px) 100vw, 1200px\" \/><\/figure>\n\n\n\n<figure class=\"wp-block-image size-large\"><img loading=\"lazy\" decoding=\"async\" width=\"1200\" height=\"800\" src=\"https:\/\/palacgoszcz.twardogora.pl\/wp-content\/uploads\/2025\/12\/503271614_734755409002393_7532311153707735820_n-1200x800.jpg\" alt=\"\" class=\"wp-image-4781\" srcset=\"https:\/\/palacgoszcz.twardogora.pl\/wp-content\/uploads\/2025\/12\/503271614_734755409002393_7532311153707735820_n-1200x800.jpg 1200w, https:\/\/palacgoszcz.twardogora.pl\/wp-content\/uploads\/2025\/12\/503271614_734755409002393_7532311153707735820_n-744x496.jpg 744w, https:\/\/palacgoszcz.twardogora.pl\/wp-content\/uploads\/2025\/12\/503271614_734755409002393_7532311153707735820_n-1536x1025.jpg 1536w, https:\/\/palacgoszcz.twardogora.pl\/wp-content\/uploads\/2025\/12\/503271614_734755409002393_7532311153707735820_n.jpg 2048w\" sizes=\"auto, (max-width: 1200px) 100vw, 1200px\" \/><\/figure>\n\n\n\n<figure class=\"wp-block-image size-large\"><img decoding=\"async\" src=\"https:\/\/palacgoszcz.twardogora.pl\/wp-content\/uploads\/2025\/12\/REenia-1200x1696.jpg\" alt=\"\" class=\"wp-image-4803\"\/><\/figure>\n","protected":false},"excerpt":{"rendered":"<div class=\"entry-summary\">\n<div class=\"entry-summary\">\n\u201eKolory i Formy\u201d W dniach 1\u201330 czerwca 2025 roku w sali wystawienniczej w Goszczu prezentowana by\u0142a wystawa prac Renaty Sobczak pt. \u201eKolory i Formy\u201d. Ekspozycja obejmowa\u0142a malarstwo oraz tkanin\u0119 artystyczn\u0105, ukazuj\u0105c r\u00f3\u017cnorodno\u015b\u0107 \u015brodk\u00f3w wyrazu i indywidualny j\u0119zyk artystyczny autorki. Uroczysty&hellip;\n<\/div>\n<div class=\"link-more\"><a href=\"https:\/\/palacgoszcz.twardogora.pl\/index.php\/2025\/12\/19\/wystawa-prac-artystycznych-renaty-sobczak\/\" class=\"more-link\">Czytaj dalej<span class=\"screen-reader-text\"> &ldquo;WYSTAWA PRAC ARTYSTYCZNYCH RENATY SOBCZAK&rdquo;<\/span>&hellip;<\/a><\/div>\n<\/div>\n<div class=\"link-more\"><a href=\"https:\/\/palacgoszcz.twardogora.pl\/index.php\/2025\/12\/19\/wystawa-prac-artystycznych-renaty-sobczak\/\" class=\"more-link\">Czytaj dalej<span class=\"screen-reader-text\"> &ldquo;WYSTAWA PRAC ARTYSTYCZNYCH RENATY SOBCZAK&rdquo;<\/span>&hellip;<\/a><\/div>\n","protected":false},"author":4,"featured_media":4803,"comment_status":"open","ping_status":"open","sticky":false,"template":"","format":"standard","meta":{"_acf_changed":false,"_monsterinsights_skip_tracking":false,"_monsterinsights_sitenote_active":false,"_monsterinsights_sitenote_note":"","_monsterinsights_sitenote_category":0,"pgc_sgb_lightbox_settings":"","footnotes":""},"categories":[1],"tags":[],"class_list":["post-4800","post","type-post","status-publish","format-standard","has-post-thumbnail","hentry","category-aktualnosci","entry"],"acf":[],"_links":{"self":[{"href":"https:\/\/palacgoszcz.twardogora.pl\/index.php\/wp-json\/wp\/v2\/posts\/4800","targetHints":{"allow":["GET"]}}],"collection":[{"href":"https:\/\/palacgoszcz.twardogora.pl\/index.php\/wp-json\/wp\/v2\/posts"}],"about":[{"href":"https:\/\/palacgoszcz.twardogora.pl\/index.php\/wp-json\/wp\/v2\/types\/post"}],"author":[{"embeddable":true,"href":"https:\/\/palacgoszcz.twardogora.pl\/index.php\/wp-json\/wp\/v2\/users\/4"}],"replies":[{"embeddable":true,"href":"https:\/\/palacgoszcz.twardogora.pl\/index.php\/wp-json\/wp\/v2\/comments?post=4800"}],"version-history":[{"count":1,"href":"https:\/\/palacgoszcz.twardogora.pl\/index.php\/wp-json\/wp\/v2\/posts\/4800\/revisions"}],"predecessor-version":[{"id":4804,"href":"https:\/\/palacgoszcz.twardogora.pl\/index.php\/wp-json\/wp\/v2\/posts\/4800\/revisions\/4804"}],"wp:featuredmedia":[{"embeddable":true,"href":"https:\/\/palacgoszcz.twardogora.pl\/index.php\/wp-json\/wp\/v2\/media\/4803"}],"wp:attachment":[{"href":"https:\/\/palacgoszcz.twardogora.pl\/index.php\/wp-json\/wp\/v2\/media?parent=4800"}],"wp:term":[{"taxonomy":"category","embeddable":true,"href":"https:\/\/palacgoszcz.twardogora.pl\/index.php\/wp-json\/wp\/v2\/categories?post=4800"},{"taxonomy":"post_tag","embeddable":true,"href":"https:\/\/palacgoszcz.twardogora.pl\/index.php\/wp-json\/wp\/v2\/tags?post=4800"}],"curies":[{"name":"wp","href":"https:\/\/api.w.org\/{rel}","templated":true}]}}