{"id":4712,"date":"2025-12-10T09:04:22","date_gmt":"2025-12-10T08:04:22","guid":{"rendered":"https:\/\/palacgoszcz.twardogora.pl\/?p=4712"},"modified":"2025-12-11T14:35:10","modified_gmt":"2025-12-11T13:35:10","slug":"ii-nocne-spotkanie-z-sowami-w-palacu-goszcz","status":"publish","type":"post","link":"https:\/\/palacgoszcz.twardogora.pl\/index.php\/2025\/12\/10\/ii-nocne-spotkanie-z-sowami-w-palacu-goszcz\/","title":{"rendered":"II Nocne Spotkanie z Sowami w Pa\u0142acu Goszcz"},"content":{"rendered":"\n<p>28 marca 2025 r. w Pa\u0142acu Goszcz odby\u0142o si\u0119 drugie w tym roku Nocne Spotkanie z Sowami, zorganizowane we wsp\u00f3\u0142pracy z Nadle\u015bnictwem Ole\u015bnica \u015al\u0105ska. Wydarzenie ponownie przyci\u0105gn\u0119\u0142o wielu mi\u0142o\u015bnik\u00f3w przyrody, rodziny oraz osoby zainteresowane \u017cyciem tych fascynuj\u0105cych ptak\u00f3w.<\/p>\n\n\n\n<figure class=\"wp-block-image size-large\"><img loading=\"lazy\" decoding=\"async\" width=\"1200\" height=\"715\" src=\"https:\/\/palacgoszcz.twardogora.pl\/wp-content\/uploads\/2025\/12\/486765493_686417533836181_8829611668416108943_n-1200x715.jpg\" alt=\"\" class=\"wp-image-4713\" srcset=\"https:\/\/palacgoszcz.twardogora.pl\/wp-content\/uploads\/2025\/12\/486765493_686417533836181_8829611668416108943_n-1200x715.jpg 1200w, https:\/\/palacgoszcz.twardogora.pl\/wp-content\/uploads\/2025\/12\/486765493_686417533836181_8829611668416108943_n-744x443.jpg 744w, https:\/\/palacgoszcz.twardogora.pl\/wp-content\/uploads\/2025\/12\/486765493_686417533836181_8829611668416108943_n-1536x915.jpg 1536w, https:\/\/palacgoszcz.twardogora.pl\/wp-content\/uploads\/2025\/12\/486765493_686417533836181_8829611668416108943_n.jpg 1563w\" sizes=\"auto, (max-width: 1200px) 100vw, 1200px\" \/><\/figure>\n\n\n\n<p>Spotkanie rozpocz\u0119\u0142o si\u0119 prezentacj\u0105, podczas kt\u00f3rej uczestnicy poznali liczne ciekawostki dotycz\u0105ce biologii, zwyczaj\u00f3w oraz ochrony s\u00f3w. Dodatkowym elementem by\u0142a transmisja na \u017cywo z SowaJaga na TikToku, pozwalaj\u0105ca poszerzy\u0107 wiedz\u0119 o zachowaniu s\u00f3w i ich funkcjonowaniu w \u015brodowisku naturalnym.<\/p>\n\n\n\n<figure class=\"wp-block-image size-large\"><img loading=\"lazy\" decoding=\"async\" width=\"1200\" height=\"800\" src=\"https:\/\/palacgoszcz.twardogora.pl\/wp-content\/uploads\/2025\/12\/487234646_686417617169506_5690635048340785679_n-1200x800.jpg\" alt=\"\" class=\"wp-image-4714\" srcset=\"https:\/\/palacgoszcz.twardogora.pl\/wp-content\/uploads\/2025\/12\/487234646_686417617169506_5690635048340785679_n-1200x800.jpg 1200w, https:\/\/palacgoszcz.twardogora.pl\/wp-content\/uploads\/2025\/12\/487234646_686417617169506_5690635048340785679_n-744x496.jpg 744w, https:\/\/palacgoszcz.twardogora.pl\/wp-content\/uploads\/2025\/12\/487234646_686417617169506_5690635048340785679_n-1536x1023.jpg 1536w, https:\/\/palacgoszcz.twardogora.pl\/wp-content\/uploads\/2025\/12\/487234646_686417617169506_5690635048340785679_n.jpg 1600w\" sizes=\"auto, (max-width: 1200px) 100vw, 1200px\" \/><\/figure>\n\n\n\n<p>Du\u017c\u0105 atrakcj\u0105, szczeg\u00f3lnie dla najm\u0142odszych, by\u0142a wizyta \u201eprawdziwej\u201d sowy &#8211; maskotki, kt\u00f3ra wzbudzi\u0142a wiele rado\u015bci i u\u015bmiechu. Program uzupe\u0142nia\u0142y konkursy i wsp\u00f3lna zabawa, integruj\u0105ce uczestnik\u00f3w wydarzenia.<\/p>\n\n\n\n<figure class=\"wp-block-image size-full\"><img loading=\"lazy\" decoding=\"async\" width=\"1188\" height=\"849\" src=\"https:\/\/palacgoszcz.twardogora.pl\/wp-content\/uploads\/2025\/12\/486807009_686417753836159_8694626189614564298_n.jpg\" alt=\"\" class=\"wp-image-4715\" srcset=\"https:\/\/palacgoszcz.twardogora.pl\/wp-content\/uploads\/2025\/12\/486807009_686417753836159_8694626189614564298_n.jpg 1188w, https:\/\/palacgoszcz.twardogora.pl\/wp-content\/uploads\/2025\/12\/486807009_686417753836159_8694626189614564298_n-744x532.jpg 744w\" sizes=\"auto, (max-width: 1188px) 100vw, 1188px\" \/><\/figure>\n\n\n\n<p>Po cz\u0119\u015bci teoretycznej uczestnicy wyruszyli w teren, aby ws\u0142ucha\u0107 si\u0119 w nocne d\u017awi\u0119ki lasu i spr\u00f3bowa\u0107 zaobserwowa\u0107 sowy w ich naturalnym \u015brodowisku. Spotkanie zako\u0144czy\u0142o si\u0119 ogniskiem, kt\u00f3re sta\u0142o si\u0119 okazj\u0105 do rozm\u00f3w oraz wymiany wra\u017ce\u0144 z tej wyj\u0105tkowej nocy.<\/p>\n\n\n\n<figure class=\"wp-block-image size-large\"><img loading=\"lazy\" decoding=\"async\" width=\"1200\" height=\"841\" src=\"https:\/\/palacgoszcz.twardogora.pl\/wp-content\/uploads\/2025\/12\/486828205_686417583836176_4126452384188194395_n-1200x841.jpg\" alt=\"\" class=\"wp-image-4716\" srcset=\"https:\/\/palacgoszcz.twardogora.pl\/wp-content\/uploads\/2025\/12\/486828205_686417583836176_4126452384188194395_n-1200x841.jpg 1200w, https:\/\/palacgoszcz.twardogora.pl\/wp-content\/uploads\/2025\/12\/486828205_686417583836176_4126452384188194395_n-744x521.jpg 744w, https:\/\/palacgoszcz.twardogora.pl\/wp-content\/uploads\/2025\/12\/486828205_686417583836176_4126452384188194395_n.jpg 1521w\" sizes=\"auto, (max-width: 1200px) 100vw, 1200px\" \/><\/figure>\n","protected":false},"excerpt":{"rendered":"<div class=\"entry-summary\">\n<div class=\"entry-summary\">\n28 marca 2025 r. w Pa\u0142acu Goszcz odby\u0142o si\u0119 drugie w tym roku Nocne Spotkanie z Sowami, zorganizowane we wsp\u00f3\u0142pracy z Nadle\u015bnictwem Ole\u015bnica \u015al\u0105ska. Wydarzenie ponownie przyci\u0105gn\u0119\u0142o wielu mi\u0142o\u015bnik\u00f3w przyrody, rodziny oraz osoby zainteresowane \u017cyciem tych fascynuj\u0105cych ptak\u00f3w. Spotkanie rozpocz\u0119\u0142o&hellip;\n<\/div>\n<div class=\"link-more\"><a href=\"https:\/\/palacgoszcz.twardogora.pl\/index.php\/2025\/12\/10\/ii-nocne-spotkanie-z-sowami-w-palacu-goszcz\/\" class=\"more-link\">Czytaj dalej<span class=\"screen-reader-text\"> &ldquo;II Nocne Spotkanie z Sowami w Pa\u0142acu Goszcz&rdquo;<\/span>&hellip;<\/a><\/div>\n<\/div>\n<div class=\"link-more\"><a href=\"https:\/\/palacgoszcz.twardogora.pl\/index.php\/2025\/12\/10\/ii-nocne-spotkanie-z-sowami-w-palacu-goszcz\/\" class=\"more-link\">Czytaj dalej<span class=\"screen-reader-text\"> &ldquo;II Nocne Spotkanie z Sowami w Pa\u0142acu Goszcz&rdquo;<\/span>&hellip;<\/a><\/div>\n","protected":false},"author":4,"featured_media":4717,"comment_status":"open","ping_status":"open","sticky":false,"template":"","format":"standard","meta":{"_acf_changed":false,"_monsterinsights_skip_tracking":false,"_monsterinsights_sitenote_active":false,"_monsterinsights_sitenote_note":"","_monsterinsights_sitenote_category":0,"pgc_sgb_lightbox_settings":"","footnotes":""},"categories":[1],"tags":[],"class_list":["post-4712","post","type-post","status-publish","format-standard","has-post-thumbnail","hentry","category-aktualnosci","entry"],"acf":[],"_links":{"self":[{"href":"https:\/\/palacgoszcz.twardogora.pl\/index.php\/wp-json\/wp\/v2\/posts\/4712","targetHints":{"allow":["GET"]}}],"collection":[{"href":"https:\/\/palacgoszcz.twardogora.pl\/index.php\/wp-json\/wp\/v2\/posts"}],"about":[{"href":"https:\/\/palacgoszcz.twardogora.pl\/index.php\/wp-json\/wp\/v2\/types\/post"}],"author":[{"embeddable":true,"href":"https:\/\/palacgoszcz.twardogora.pl\/index.php\/wp-json\/wp\/v2\/users\/4"}],"replies":[{"embeddable":true,"href":"https:\/\/palacgoszcz.twardogora.pl\/index.php\/wp-json\/wp\/v2\/comments?post=4712"}],"version-history":[{"count":3,"href":"https:\/\/palacgoszcz.twardogora.pl\/index.php\/wp-json\/wp\/v2\/posts\/4712\/revisions"}],"predecessor-version":[{"id":4752,"href":"https:\/\/palacgoszcz.twardogora.pl\/index.php\/wp-json\/wp\/v2\/posts\/4712\/revisions\/4752"}],"wp:featuredmedia":[{"embeddable":true,"href":"https:\/\/palacgoszcz.twardogora.pl\/index.php\/wp-json\/wp\/v2\/media\/4717"}],"wp:attachment":[{"href":"https:\/\/palacgoszcz.twardogora.pl\/index.php\/wp-json\/wp\/v2\/media?parent=4712"}],"wp:term":[{"taxonomy":"category","embeddable":true,"href":"https:\/\/palacgoszcz.twardogora.pl\/index.php\/wp-json\/wp\/v2\/categories?post=4712"},{"taxonomy":"post_tag","embeddable":true,"href":"https:\/\/palacgoszcz.twardogora.pl\/index.php\/wp-json\/wp\/v2\/tags?post=4712"}],"curies":[{"name":"wp","href":"https:\/\/api.w.org\/{rel}","templated":true}]}}