{"id":4704,"date":"2025-12-10T08:57:26","date_gmt":"2025-12-10T07:57:26","guid":{"rendered":"https:\/\/palacgoszcz.twardogora.pl\/?p=4704"},"modified":"2025-12-11T14:51:17","modified_gmt":"2025-12-11T13:51:17","slug":"palac-goszcz-na-miedzynarodowych-targach-turystycznych-we-wroclawiu","status":"publish","type":"post","link":"https:\/\/palacgoszcz.twardogora.pl\/index.php\/2025\/12\/10\/palac-goszcz-na-miedzynarodowych-targach-turystycznych-we-wroclawiu\/","title":{"rendered":"Pa\u0142ac Goszcz na Mi\u0119dzynarodowych Targach Turystycznych we Wroc\u0142awiu"},"content":{"rendered":"\n<p>Twardog\u00f3rski Pa\u0142ac Kultury &#8211; Centrum Aktywno\u015bci Spo\u0142ecznej reprezentowa\u0142 Gmin\u0119 Twardog\u00f3ra podczas Mi\u0119dzynarodowych Targ\u00f3w Turystycznych we Wroc\u0142awiu. Wydarzenie by\u0142o doskona\u0142\u0105 okazj\u0105 do zaprezentowania szerokiej oferty turystycznej gminy, ze szczeg\u00f3lnym uwzgl\u0119dnieniem Pa\u0142acu Goszcz oraz jego atrakcji.<\/p>\n\n\n\n<figure class=\"wp-block-image size-large\"><img loading=\"lazy\" decoding=\"async\" width=\"1200\" height=\"1600\" src=\"https:\/\/palacgoszcz.twardogora.pl\/wp-content\/uploads\/2025\/12\/485902541_680504554427479_7821897134613851686_n-1200x1600.jpg\" alt=\"\" class=\"wp-image-4705\" srcset=\"https:\/\/palacgoszcz.twardogora.pl\/wp-content\/uploads\/2025\/12\/485902541_680504554427479_7821897134613851686_n-1200x1600.jpg 1200w, https:\/\/palacgoszcz.twardogora.pl\/wp-content\/uploads\/2025\/12\/485902541_680504554427479_7821897134613851686_n-744x992.jpg 744w, https:\/\/palacgoszcz.twardogora.pl\/wp-content\/uploads\/2025\/12\/485902541_680504554427479_7821897134613851686_n-1152x1536.jpg 1152w, https:\/\/palacgoszcz.twardogora.pl\/wp-content\/uploads\/2025\/12\/485902541_680504554427479_7821897134613851686_n.jpg 1500w\" sizes=\"auto, (max-width: 1200px) 100vw, 1200px\" \/><\/figure>\n\n\n\n<p>Podczas targ\u00f3w przedstawiono walory historyczne i architektoniczne Pa\u0142acu Goszcz, aktualne projekty i wydarzenia kulturalne, a tak\u017ce mo\u017cliwo\u015bci zwiedzania i sp\u0119dzania wolnego czasu na terenie obiektu i w jego otoczeniu. <\/p>\n\n\n\n<figure class=\"wp-block-image size-full\"><img loading=\"lazy\" decoding=\"async\" width=\"736\" height=\"1000\" src=\"https:\/\/palacgoszcz.twardogora.pl\/wp-content\/uploads\/2025\/12\/486053108_680630054414929_8948932781949205388_n.jpg\" alt=\"\" class=\"wp-image-4707\"\/><\/figure>\n\n\n\n<p>Udzia\u0142 w targach by\u0142 okazj\u0105 do nawi\u0105zania nowych kontakt\u00f3w, promocji regionu oraz zaprezentowania potencja\u0142u, jaki niesie ze sob\u0105 Pa\u0142ac Goszcz i ca\u0142y obszar gminy.<\/p>\n\n\n\n<figure class=\"wp-block-image size-full\"><img decoding=\"async\" src=\"https:\/\/palacgoszcz.twardogora.pl\/wp-content\/uploads\/2025\/12\/486137354_680629967748271_6106206520404937231_n.jpg\" alt=\"\" class=\"wp-image-4706\"\/><\/figure>\n","protected":false},"excerpt":{"rendered":"<div class=\"entry-summary\">\n<div class=\"entry-summary\">\nTwardog\u00f3rski Pa\u0142ac Kultury &#8211; Centrum Aktywno\u015bci Spo\u0142ecznej reprezentowa\u0142 Gmin\u0119 Twardog\u00f3ra podczas Mi\u0119dzynarodowych Targ\u00f3w Turystycznych we Wroc\u0142awiu. Wydarzenie by\u0142o doskona\u0142\u0105 okazj\u0105 do zaprezentowania szerokiej oferty turystycznej gminy, ze szczeg\u00f3lnym uwzgl\u0119dnieniem Pa\u0142acu Goszcz oraz jego atrakcji. Podczas targ\u00f3w przedstawiono walory historyczne i&hellip;\n<\/div>\n<div class=\"link-more\"><a href=\"https:\/\/palacgoszcz.twardogora.pl\/index.php\/2025\/12\/10\/palac-goszcz-na-miedzynarodowych-targach-turystycznych-we-wroclawiu\/\" class=\"more-link\">Czytaj dalej<span class=\"screen-reader-text\"> &ldquo;Pa\u0142ac Goszcz na Mi\u0119dzynarodowych Targach Turystycznych we Wroc\u0142awiu&rdquo;<\/span>&hellip;<\/a><\/div>\n<\/div>\n<div class=\"link-more\"><a href=\"https:\/\/palacgoszcz.twardogora.pl\/index.php\/2025\/12\/10\/palac-goszcz-na-miedzynarodowych-targach-turystycznych-we-wroclawiu\/\" class=\"more-link\">Czytaj dalej<span class=\"screen-reader-text\"> &ldquo;Pa\u0142ac Goszcz na Mi\u0119dzynarodowych Targach Turystycznych we Wroc\u0142awiu&rdquo;<\/span>&hellip;<\/a><\/div>\n","protected":false},"author":4,"featured_media":4706,"comment_status":"open","ping_status":"open","sticky":false,"template":"","format":"standard","meta":{"_acf_changed":false,"_monsterinsights_skip_tracking":false,"_monsterinsights_sitenote_active":false,"_monsterinsights_sitenote_note":"","_monsterinsights_sitenote_category":0,"pgc_sgb_lightbox_settings":"","footnotes":""},"categories":[1],"tags":[],"class_list":["post-4704","post","type-post","status-publish","format-standard","has-post-thumbnail","hentry","category-aktualnosci","entry"],"acf":[],"_links":{"self":[{"href":"https:\/\/palacgoszcz.twardogora.pl\/index.php\/wp-json\/wp\/v2\/posts\/4704","targetHints":{"allow":["GET"]}}],"collection":[{"href":"https:\/\/palacgoszcz.twardogora.pl\/index.php\/wp-json\/wp\/v2\/posts"}],"about":[{"href":"https:\/\/palacgoszcz.twardogora.pl\/index.php\/wp-json\/wp\/v2\/types\/post"}],"author":[{"embeddable":true,"href":"https:\/\/palacgoszcz.twardogora.pl\/index.php\/wp-json\/wp\/v2\/users\/4"}],"replies":[{"embeddable":true,"href":"https:\/\/palacgoszcz.twardogora.pl\/index.php\/wp-json\/wp\/v2\/comments?post=4704"}],"version-history":[{"count":4,"href":"https:\/\/palacgoszcz.twardogora.pl\/index.php\/wp-json\/wp\/v2\/posts\/4704\/revisions"}],"predecessor-version":[{"id":4754,"href":"https:\/\/palacgoszcz.twardogora.pl\/index.php\/wp-json\/wp\/v2\/posts\/4704\/revisions\/4754"}],"wp:featuredmedia":[{"embeddable":true,"href":"https:\/\/palacgoszcz.twardogora.pl\/index.php\/wp-json\/wp\/v2\/media\/4706"}],"wp:attachment":[{"href":"https:\/\/palacgoszcz.twardogora.pl\/index.php\/wp-json\/wp\/v2\/media?parent=4704"}],"wp:term":[{"taxonomy":"category","embeddable":true,"href":"https:\/\/palacgoszcz.twardogora.pl\/index.php\/wp-json\/wp\/v2\/categories?post=4704"},{"taxonomy":"post_tag","embeddable":true,"href":"https:\/\/palacgoszcz.twardogora.pl\/index.php\/wp-json\/wp\/v2\/tags?post=4704"}],"curies":[{"name":"wp","href":"https:\/\/api.w.org\/{rel}","templated":true}]}}