{"id":4677,"date":"2025-12-10T07:27:54","date_gmt":"2025-12-10T06:27:54","guid":{"rendered":"https:\/\/palacgoszcz.twardogora.pl\/?p=4677"},"modified":"2025-12-10T07:28:10","modified_gmt":"2025-12-10T06:28:10","slug":"palac-goszcz-w-popoludniowce-z-faktami","status":"publish","type":"post","link":"https:\/\/palacgoszcz.twardogora.pl\/index.php\/2025\/12\/10\/palac-goszcz-w-popoludniowce-z-faktami\/","title":{"rendered":"Pa\u0142ac Goszcz w \u201ePopo\u0142udni\u00f3wce z Faktami\u201d"},"content":{"rendered":"\n<p>17 stycznia 2025 r. na antenie TVP3 Wroc\u0142aw wyemitowano materia\u0142 o Pa\u0142acu Goszcz w programie \u201ePopo\u0142udni\u00f3wka z Faktami\u201d. O godzinie 16:40 widzowie mogli zobaczy\u0107 wyj\u0105tkow\u0105 prezentacj\u0119 naszego obiektu \u2013 jego histori\u0119, trwaj\u0105ce prace rewitalizacyjne oraz plany zwi\u0105zane z dalszym rozwojem tego niezwyk\u0142ego miejsca.<\/p>\n\n\n\n<p>Materia\u0142 podkre\u015bla\u0142 unikalny charakter Pa\u0142acu Goszcz, jego architektur\u0119 oraz znaczenie dla regionu. To dla nas ogromna rado\u015b\u0107, \u017ce mogli\u015bmy zaprezentowa\u0107 nasz pa\u0142ac szerszej publiczno\u015bci i podzieli\u0107 si\u0119 pi\u0119knem oraz potencja\u0142em tego miejsca.<\/p>\n\n\n<div class=\"wp-block-image\">\n<figure class=\"aligncenter size-full\"><img loading=\"lazy\" decoding=\"async\" width=\"600\" height=\"503\" src=\"https:\/\/palacgoszcz.twardogora.pl\/wp-content\/uploads\/2025\/12\/popoludniowka.jpg\" alt=\"\" class=\"wp-image-4678\"\/><\/figure>\n<\/div>","protected":false},"excerpt":{"rendered":"<div class=\"entry-summary\">\n<div class=\"entry-summary\">\n17 stycznia 2025 r. na antenie TVP3 Wroc\u0142aw wyemitowano materia\u0142 o Pa\u0142acu Goszcz w programie \u201ePopo\u0142udni\u00f3wka z Faktami\u201d. O godzinie 16:40 widzowie mogli zobaczy\u0107 wyj\u0105tkow\u0105 prezentacj\u0119 naszego obiektu \u2013 jego histori\u0119, trwaj\u0105ce prace rewitalizacyjne oraz plany zwi\u0105zane z dalszym rozwojem&hellip;\n<\/div>\n<div class=\"link-more\"><a href=\"https:\/\/palacgoszcz.twardogora.pl\/index.php\/2025\/12\/10\/palac-goszcz-w-popoludniowce-z-faktami\/\" class=\"more-link\">Czytaj dalej<span class=\"screen-reader-text\"> &ldquo;Pa\u0142ac Goszcz w \u201ePopo\u0142udni\u00f3wce z Faktami\u201d&rdquo;<\/span>&hellip;<\/a><\/div>\n<\/div>\n<div class=\"link-more\"><a href=\"https:\/\/palacgoszcz.twardogora.pl\/index.php\/2025\/12\/10\/palac-goszcz-w-popoludniowce-z-faktami\/\" class=\"more-link\">Czytaj dalej<span class=\"screen-reader-text\"> &ldquo;Pa\u0142ac Goszcz w \u201ePopo\u0142udni\u00f3wce z Faktami\u201d&rdquo;<\/span>&hellip;<\/a><\/div>\n","protected":false},"author":4,"featured_media":4678,"comment_status":"open","ping_status":"open","sticky":false,"template":"","format":"standard","meta":{"_acf_changed":false,"_monsterinsights_skip_tracking":false,"_monsterinsights_sitenote_active":false,"_monsterinsights_sitenote_note":"","_monsterinsights_sitenote_category":0,"pgc_sgb_lightbox_settings":"","footnotes":""},"categories":[1],"tags":[],"class_list":["post-4677","post","type-post","status-publish","format-standard","has-post-thumbnail","hentry","category-aktualnosci","entry"],"acf":[],"_links":{"self":[{"href":"https:\/\/palacgoszcz.twardogora.pl\/index.php\/wp-json\/wp\/v2\/posts\/4677","targetHints":{"allow":["GET"]}}],"collection":[{"href":"https:\/\/palacgoszcz.twardogora.pl\/index.php\/wp-json\/wp\/v2\/posts"}],"about":[{"href":"https:\/\/palacgoszcz.twardogora.pl\/index.php\/wp-json\/wp\/v2\/types\/post"}],"author":[{"embeddable":true,"href":"https:\/\/palacgoszcz.twardogora.pl\/index.php\/wp-json\/wp\/v2\/users\/4"}],"replies":[{"embeddable":true,"href":"https:\/\/palacgoszcz.twardogora.pl\/index.php\/wp-json\/wp\/v2\/comments?post=4677"}],"version-history":[{"count":3,"href":"https:\/\/palacgoszcz.twardogora.pl\/index.php\/wp-json\/wp\/v2\/posts\/4677\/revisions"}],"predecessor-version":[{"id":4682,"href":"https:\/\/palacgoszcz.twardogora.pl\/index.php\/wp-json\/wp\/v2\/posts\/4677\/revisions\/4682"}],"wp:featuredmedia":[{"embeddable":true,"href":"https:\/\/palacgoszcz.twardogora.pl\/index.php\/wp-json\/wp\/v2\/media\/4678"}],"wp:attachment":[{"href":"https:\/\/palacgoszcz.twardogora.pl\/index.php\/wp-json\/wp\/v2\/media?parent=4677"}],"wp:term":[{"taxonomy":"category","embeddable":true,"href":"https:\/\/palacgoszcz.twardogora.pl\/index.php\/wp-json\/wp\/v2\/categories?post=4677"},{"taxonomy":"post_tag","embeddable":true,"href":"https:\/\/palacgoszcz.twardogora.pl\/index.php\/wp-json\/wp\/v2\/tags?post=4677"}],"curies":[{"name":"wp","href":"https:\/\/api.w.org\/{rel}","templated":true}]}}