{"id":4653,"date":"2025-11-25T14:07:37","date_gmt":"2025-11-25T13:07:37","guid":{"rendered":"https:\/\/palacgoszcz.twardogora.pl\/?p=4653"},"modified":"2025-12-11T15:25:18","modified_gmt":"2025-12-11T14:25:18","slug":"premiera-filmu-dokumentalnego-o-palacu-goszcz","status":"publish","type":"post","link":"https:\/\/palacgoszcz.twardogora.pl\/index.php\/2025\/11\/25\/premiera-filmu-dokumentalnego-o-palacu-goszcz\/","title":{"rendered":"Premiera filmu dokumentalnego o Pa\u0142acu Goszcz"},"content":{"rendered":"\n<p><\/p>\n\n\n\n<p>W dniach 20, 21 i 22 grudnia 2024 r. w Sali Teatralnej zespo\u0142u pa\u0142acowo-parkowego w Goszczu odby\u0142y si\u0119 pokazy premierowe filmu dokumentalnego po\u015bwi\u0119conego historii Pa\u0142acu Goszcz. Produkcja zosta\u0142a zrealizowana przez ekip\u0119 filmow\u0105 \u0141ukasza Kazka we wsp\u00f3\u0142pracy z Gmin\u0105 Twardog\u00f3ra.<\/p>\n\n\n\n<h3 class=\"wp-block-heading\">Film o historii miejsca i ludziach z nim zwi\u0105zanych<\/h3>\n\n\n\n<p>Dokument przedstawia bogat\u0105 histori\u0119 pa\u0142acu oraz zawiera poruszaj\u0105ce wspomnienia os\u00f3b, kt\u00f3re przez lata by\u0142y zwi\u0105zane z tym miejscem. W filmie wyst\u0105pili:<\/p>\n\n\n\n<ul class=\"wp-block-list\">\n<li>Genowefa Marciniszyn<\/li>\n\n\n\n<li>Maria Obieg\u0142o<\/li>\n\n\n\n<li>Edward Dybowski<\/li>\n\n\n\n<li>W\u0142adys\u0142aw G\u0105sior<\/li>\n<\/ul>\n\n\n\n<figure class=\"wp-block-image size-large\"><img loading=\"lazy\" decoding=\"async\" width=\"1200\" height=\"908\" src=\"https:\/\/palacgoszcz.twardogora.pl\/wp-content\/uploads\/2025\/11\/485005300_678239011320700_5820432411219646166_n-1200x908.jpg\" alt=\"\" class=\"wp-image-4654\" srcset=\"https:\/\/palacgoszcz.twardogora.pl\/wp-content\/uploads\/2025\/11\/485005300_678239011320700_5820432411219646166_n-1200x908.jpg 1200w, https:\/\/palacgoszcz.twardogora.pl\/wp-content\/uploads\/2025\/11\/485005300_678239011320700_5820432411219646166_n-744x563.jpg 744w, https:\/\/palacgoszcz.twardogora.pl\/wp-content\/uploads\/2025\/11\/485005300_678239011320700_5820432411219646166_n-1536x1163.jpg 1536w, https:\/\/palacgoszcz.twardogora.pl\/wp-content\/uploads\/2025\/11\/485005300_678239011320700_5820432411219646166_n.jpg 2048w\" sizes=\"auto, (max-width: 1200px) 100vw, 1200px\" \/><\/figure>\n\n\n\n<p>Ich relacje nada\u0142y produkcji wyj\u0105tkowy, osobisty charakter, ukazuj\u0105c dzieje pa\u0142acu nie tylko przez pryzmat architektury, ale przede wszystkim ludzkich do\u015bwiadcze\u0144.<\/p>\n\n\n\n<p>Autorem zdj\u0119\u0107 i monta\u017cu jest mieszkaniec Goszcza Daniel Stanis\u0142awski, kt\u00f3rego praca zosta\u0142a bardzo dobrze przyj\u0119ta przez publiczno\u015b\u0107.<\/p>\n\n\n\n<figure class=\"wp-block-image size-large\"><img loading=\"lazy\" decoding=\"async\" width=\"1200\" height=\"877\" src=\"https:\/\/palacgoszcz.twardogora.pl\/wp-content\/uploads\/2025\/11\/485168051_678239097987358_4975565462098182359_n-1200x877.jpg\" alt=\"\" class=\"wp-image-4655\" srcset=\"https:\/\/palacgoszcz.twardogora.pl\/wp-content\/uploads\/2025\/11\/485168051_678239097987358_4975565462098182359_n-1200x877.jpg 1200w, https:\/\/palacgoszcz.twardogora.pl\/wp-content\/uploads\/2025\/11\/485168051_678239097987358_4975565462098182359_n-744x543.jpg 744w, https:\/\/palacgoszcz.twardogora.pl\/wp-content\/uploads\/2025\/11\/485168051_678239097987358_4975565462098182359_n-1536x1122.jpg 1536w, https:\/\/palacgoszcz.twardogora.pl\/wp-content\/uploads\/2025\/11\/485168051_678239097987358_4975565462098182359_n.jpg 2048w\" sizes=\"auto, (max-width: 1200px) 100vw, 1200px\" \/><\/figure>\n\n\n\n<figure class=\"wp-block-image size-large\"><img loading=\"lazy\" decoding=\"async\" width=\"1200\" height=\"1057\" src=\"https:\/\/palacgoszcz.twardogora.pl\/wp-content\/uploads\/2025\/11\/484808300_678238954654039_827660169640503592_n-1200x1057.jpg\" alt=\"\" class=\"wp-image-4656\" srcset=\"https:\/\/palacgoszcz.twardogora.pl\/wp-content\/uploads\/2025\/11\/484808300_678238954654039_827660169640503592_n-1200x1057.jpg 1200w, https:\/\/palacgoszcz.twardogora.pl\/wp-content\/uploads\/2025\/11\/484808300_678238954654039_827660169640503592_n-744x655.jpg 744w, https:\/\/palacgoszcz.twardogora.pl\/wp-content\/uploads\/2025\/11\/484808300_678238954654039_827660169640503592_n-1536x1353.jpg 1536w, https:\/\/palacgoszcz.twardogora.pl\/wp-content\/uploads\/2025\/11\/484808300_678238954654039_827660169640503592_n.jpg 2048w\" sizes=\"auto, (max-width: 1200px) 100vw, 1200px\" \/><\/figure>\n\n\n\n<figure class=\"wp-block-image size-large\"><img loading=\"lazy\" decoding=\"async\" width=\"1200\" height=\"900\" src=\"https:\/\/palacgoszcz.twardogora.pl\/wp-content\/uploads\/2025\/11\/pan-gasior-1200x900.jpg\" alt=\"\" class=\"wp-image-4658\" srcset=\"https:\/\/palacgoszcz.twardogora.pl\/wp-content\/uploads\/2025\/11\/pan-gasior-1200x900.jpg 1200w, https:\/\/palacgoszcz.twardogora.pl\/wp-content\/uploads\/2025\/11\/pan-gasior-744x558.jpg 744w, https:\/\/palacgoszcz.twardogora.pl\/wp-content\/uploads\/2025\/11\/pan-gasior-1536x1152.jpg 1536w, https:\/\/palacgoszcz.twardogora.pl\/wp-content\/uploads\/2025\/11\/pan-gasior.jpg 2048w\" sizes=\"auto, (max-width: 1200px) 100vw, 1200px\" \/><\/figure>\n\n\n\n<figure class=\"wp-block-image size-large\"><img loading=\"lazy\" decoding=\"async\" width=\"1200\" height=\"798\" src=\"https:\/\/palacgoszcz.twardogora.pl\/wp-content\/uploads\/2025\/11\/484807545_678238917987376_5163899651542433767_n-1200x798.jpg\" alt=\"\" class=\"wp-image-4659\" srcset=\"https:\/\/palacgoszcz.twardogora.pl\/wp-content\/uploads\/2025\/11\/484807545_678238917987376_5163899651542433767_n-1200x798.jpg 1200w, https:\/\/palacgoszcz.twardogora.pl\/wp-content\/uploads\/2025\/11\/484807545_678238917987376_5163899651542433767_n-744x495.jpg 744w, https:\/\/palacgoszcz.twardogora.pl\/wp-content\/uploads\/2025\/11\/484807545_678238917987376_5163899651542433767_n-1536x1021.jpg 1536w, https:\/\/palacgoszcz.twardogora.pl\/wp-content\/uploads\/2025\/11\/484807545_678238917987376_5163899651542433767_n.jpg 1685w\" sizes=\"auto, (max-width: 1200px) 100vw, 1200px\" \/><\/figure>\n","protected":false},"excerpt":{"rendered":"<div class=\"entry-summary\">\n<div class=\"entry-summary\">\nW dniach 20, 21 i 22 grudnia 2024 r. w Sali Teatralnej zespo\u0142u pa\u0142acowo-parkowego w Goszczu odby\u0142y si\u0119 pokazy premierowe filmu dokumentalnego po\u015bwi\u0119conego historii Pa\u0142acu Goszcz. Produkcja zosta\u0142a zrealizowana przez ekip\u0119 filmow\u0105 \u0141ukasza Kazka we wsp\u00f3\u0142pracy z Gmin\u0105 Twardog\u00f3ra. Film&hellip;\n<\/div>\n<div class=\"link-more\"><a href=\"https:\/\/palacgoszcz.twardogora.pl\/index.php\/2025\/11\/25\/premiera-filmu-dokumentalnego-o-palacu-goszcz\/\" class=\"more-link\">Czytaj dalej<span class=\"screen-reader-text\"> &ldquo;Premiera filmu dokumentalnego o Pa\u0142acu Goszcz&rdquo;<\/span>&hellip;<\/a><\/div>\n<\/div>\n<div class=\"link-more\"><a href=\"https:\/\/palacgoszcz.twardogora.pl\/index.php\/2025\/11\/25\/premiera-filmu-dokumentalnego-o-palacu-goszcz\/\" class=\"more-link\">Czytaj dalej<span class=\"screen-reader-text\"> &ldquo;Premiera filmu dokumentalnego o Pa\u0142acu Goszcz&rdquo;<\/span>&hellip;<\/a><\/div>\n","protected":false},"author":4,"featured_media":4660,"comment_status":"open","ping_status":"open","sticky":false,"template":"","format":"standard","meta":{"_acf_changed":false,"_monsterinsights_skip_tracking":false,"_monsterinsights_sitenote_active":false,"_monsterinsights_sitenote_note":"","_monsterinsights_sitenote_category":0,"pgc_sgb_lightbox_settings":"","footnotes":""},"categories":[1],"tags":[],"class_list":["post-4653","post","type-post","status-publish","format-standard","has-post-thumbnail","hentry","category-aktualnosci","entry"],"acf":[],"_links":{"self":[{"href":"https:\/\/palacgoszcz.twardogora.pl\/index.php\/wp-json\/wp\/v2\/posts\/4653","targetHints":{"allow":["GET"]}}],"collection":[{"href":"https:\/\/palacgoszcz.twardogora.pl\/index.php\/wp-json\/wp\/v2\/posts"}],"about":[{"href":"https:\/\/palacgoszcz.twardogora.pl\/index.php\/wp-json\/wp\/v2\/types\/post"}],"author":[{"embeddable":true,"href":"https:\/\/palacgoszcz.twardogora.pl\/index.php\/wp-json\/wp\/v2\/users\/4"}],"replies":[{"embeddable":true,"href":"https:\/\/palacgoszcz.twardogora.pl\/index.php\/wp-json\/wp\/v2\/comments?post=4653"}],"version-history":[{"count":2,"href":"https:\/\/palacgoszcz.twardogora.pl\/index.php\/wp-json\/wp\/v2\/posts\/4653\/revisions"}],"predecessor-version":[{"id":4758,"href":"https:\/\/palacgoszcz.twardogora.pl\/index.php\/wp-json\/wp\/v2\/posts\/4653\/revisions\/4758"}],"wp:featuredmedia":[{"embeddable":true,"href":"https:\/\/palacgoszcz.twardogora.pl\/index.php\/wp-json\/wp\/v2\/media\/4660"}],"wp:attachment":[{"href":"https:\/\/palacgoszcz.twardogora.pl\/index.php\/wp-json\/wp\/v2\/media?parent=4653"}],"wp:term":[{"taxonomy":"category","embeddable":true,"href":"https:\/\/palacgoszcz.twardogora.pl\/index.php\/wp-json\/wp\/v2\/categories?post=4653"},{"taxonomy":"post_tag","embeddable":true,"href":"https:\/\/palacgoszcz.twardogora.pl\/index.php\/wp-json\/wp\/v2\/tags?post=4653"}],"curies":[{"name":"wp","href":"https:\/\/api.w.org\/{rel}","templated":true}]}}