{"id":4644,"date":"2025-11-25T13:45:47","date_gmt":"2025-11-25T12:45:47","guid":{"rendered":"https:\/\/palacgoszcz.twardogora.pl\/?p=4644"},"modified":"2025-11-25T13:46:20","modified_gmt":"2025-11-25T12:46:20","slug":"dzien-seniora-ale-to-juz-bylo","status":"publish","type":"post","link":"https:\/\/palacgoszcz.twardogora.pl\/index.php\/2025\/11\/25\/dzien-seniora-ale-to-juz-bylo\/","title":{"rendered":"Dzie\u0144 Seniora \u201eAle to ju\u017c by\u0142o&#8230;\u201d"},"content":{"rendered":"\n<p><\/p>\n\n\n\n<p>12 listopada 2024 roku w Sali Teatralnej Pa\u0142acu Goszcz odby\u0142o si\u0119 wyj\u0105tkowe spotkanie z okazji Dnia Seniora, zorganizowane pod has\u0142em \u201eAle to ju\u017c by\u0142o&#8230;\u201d. Wydarzenie zgromadzi\u0142o liczne grono mieszka\u0144c\u00f3w, kt\u00f3rzy wsp\u00f3lnie \u015bwi\u0119towali, wspominali i integrowali si\u0119 przy muzyce, ta\u0144cu i dobrej zabawie.<\/p>\n\n\n\n<figure class=\"wp-block-image size-large\"><img loading=\"lazy\" decoding=\"async\" width=\"1200\" height=\"1200\" src=\"https:\/\/palacgoszcz.twardogora.pl\/wp-content\/uploads\/2025\/11\/484899746_677879131356688_2878777697128830246_n-1200x1200.jpg\" alt=\"\" class=\"wp-image-4646\" srcset=\"https:\/\/palacgoszcz.twardogora.pl\/wp-content\/uploads\/2025\/11\/484899746_677879131356688_2878777697128830246_n-1200x1200.jpg 1200w, https:\/\/palacgoszcz.twardogora.pl\/wp-content\/uploads\/2025\/11\/484899746_677879131356688_2878777697128830246_n-744x744.jpg 744w, https:\/\/palacgoszcz.twardogora.pl\/wp-content\/uploads\/2025\/11\/484899746_677879131356688_2878777697128830246_n-1536x1536.jpg 1536w, https:\/\/palacgoszcz.twardogora.pl\/wp-content\/uploads\/2025\/11\/484899746_677879131356688_2878777697128830246_n-448x448.jpg 448w, https:\/\/palacgoszcz.twardogora.pl\/wp-content\/uploads\/2025\/11\/484899746_677879131356688_2878777697128830246_n.jpg 1816w\" sizes=\"auto, (max-width: 1200px) 100vw, 1200px\" \/><\/figure>\n\n\n\n<h3 class=\"wp-block-heading\">Bogaty program artystyczny<\/h3>\n\n\n\n<p>Podczas wydarzenia wyst\u0105pi\u0142y dwa zespo\u0142y folklorystyczne:<\/p>\n\n\n\n<ul class=\"wp-block-list\">\n<li>Zesp\u00f3\u0142 Pie\u015bni i Ta\u0144ca \u201eSkorynianie\u201d<\/li>\n\n\n\n<li>Zesp\u00f3\u0142 \u201eBoguszyczanie\u201d<\/li>\n<\/ul>\n\n\n\n<figure class=\"wp-block-image size-large\"><img loading=\"lazy\" decoding=\"async\" width=\"1200\" height=\"759\" src=\"https:\/\/palacgoszcz.twardogora.pl\/wp-content\/uploads\/2025\/11\/484872697_677879088023359_2284265840073566433_n-1200x759.jpg\" alt=\"\" class=\"wp-image-4645\" srcset=\"https:\/\/palacgoszcz.twardogora.pl\/wp-content\/uploads\/2025\/11\/484872697_677879088023359_2284265840073566433_n-1200x759.jpg 1200w, https:\/\/palacgoszcz.twardogora.pl\/wp-content\/uploads\/2025\/11\/484872697_677879088023359_2284265840073566433_n-744x471.jpg 744w, https:\/\/palacgoszcz.twardogora.pl\/wp-content\/uploads\/2025\/11\/484872697_677879088023359_2284265840073566433_n-1536x972.jpg 1536w, https:\/\/palacgoszcz.twardogora.pl\/wp-content\/uploads\/2025\/11\/484872697_677879088023359_2284265840073566433_n.jpg 2048w\" sizes=\"auto, (max-width: 1200px) 100vw, 1200px\" \/><\/figure>\n\n\n\n<figure class=\"wp-block-image size-large\"><img loading=\"lazy\" decoding=\"async\" width=\"1200\" height=\"922\" src=\"https:\/\/palacgoszcz.twardogora.pl\/wp-content\/uploads\/2025\/11\/484913842_677879044690030_598716551161645767_n-1200x922.jpg\" alt=\"\" class=\"wp-image-4647\" srcset=\"https:\/\/palacgoszcz.twardogora.pl\/wp-content\/uploads\/2025\/11\/484913842_677879044690030_598716551161645767_n-1200x922.jpg 1200w, https:\/\/palacgoszcz.twardogora.pl\/wp-content\/uploads\/2025\/11\/484913842_677879044690030_598716551161645767_n-744x571.jpg 744w, https:\/\/palacgoszcz.twardogora.pl\/wp-content\/uploads\/2025\/11\/484913842_677879044690030_598716551161645767_n-1536x1180.jpg 1536w, https:\/\/palacgoszcz.twardogora.pl\/wp-content\/uploads\/2025\/11\/484913842_677879044690030_598716551161645767_n.jpg 2048w\" sizes=\"auto, (max-width: 1200px) 100vw, 1200px\" \/><\/figure>\n\n\n\n<p>Arty\u015bci zaprezentowali program pe\u0142en ludowych piosenek, kt\u00f3re wprowadzi\u0142y uczestnik\u00f3w w radosny, tradycyjny klimat.<\/p>\n\n\n\n<p>Du\u017cym zainteresowaniem cieszy\u0142 si\u0119 r\u00f3wnie\u017c Teatrzyk Retro, kt\u00f3ry przygotowa\u0142 humorystyczne i nostalgiczne przedstawienie, przywo\u0142uj\u0105ce wspomnienia dawnych lat.<\/p>\n\n\n\n<figure class=\"wp-block-image size-large\"><img loading=\"lazy\" decoding=\"async\" width=\"1200\" height=\"882\" src=\"https:\/\/palacgoszcz.twardogora.pl\/wp-content\/uploads\/2025\/11\/484906450_677878951356706_1852513533411021130_n-1200x882.jpg\" alt=\"\" class=\"wp-image-4648\" srcset=\"https:\/\/palacgoszcz.twardogora.pl\/wp-content\/uploads\/2025\/11\/484906450_677878951356706_1852513533411021130_n-1200x882.jpg 1200w, https:\/\/palacgoszcz.twardogora.pl\/wp-content\/uploads\/2025\/11\/484906450_677878951356706_1852513533411021130_n-744x547.jpg 744w, https:\/\/palacgoszcz.twardogora.pl\/wp-content\/uploads\/2025\/11\/484906450_677878951356706_1852513533411021130_n-1536x1129.jpg 1536w, https:\/\/palacgoszcz.twardogora.pl\/wp-content\/uploads\/2025\/11\/484906450_677878951356706_1852513533411021130_n.jpg 1821w\" sizes=\"auto, (max-width: 1200px) 100vw, 1200px\" \/><\/figure>\n\n\n\n<h3 class=\"wp-block-heading\"><strong>Wsp\u00f3lna zabawa i pocz\u0119stunek<\/strong><\/h3>\n\n\n\n<p>Po cz\u0119\u015bci artystycznej nadszed\u0142 czas na ta\u0144ce, gry i zabawy integracyjne, kt\u00f3re porwa\u0142y do udzia\u0142u wielu uczestnik\u00f3w. Spotkanie zako\u0144czy\u0142o si\u0119 wsp\u00f3lnym pocz\u0119stunkiem, sprzyjaj\u0105cym rozmowom i mi\u0142ej atmosferze.<\/p>\n","protected":false},"excerpt":{"rendered":"<div class=\"entry-summary\">\n<div class=\"entry-summary\">\n12 listopada 2024 roku w Sali Teatralnej Pa\u0142acu Goszcz odby\u0142o si\u0119 wyj\u0105tkowe spotkanie z okazji Dnia Seniora, zorganizowane pod has\u0142em \u201eAle to ju\u017c by\u0142o&#8230;\u201d. Wydarzenie zgromadzi\u0142o liczne grono mieszka\u0144c\u00f3w, kt\u00f3rzy wsp\u00f3lnie \u015bwi\u0119towali, wspominali i integrowali si\u0119 przy muzyce, ta\u0144cu i&hellip;\n<\/div>\n<div class=\"link-more\"><a href=\"https:\/\/palacgoszcz.twardogora.pl\/index.php\/2025\/11\/25\/dzien-seniora-ale-to-juz-bylo\/\" class=\"more-link\">Czytaj dalej<span class=\"screen-reader-text\"> &ldquo;Dzie\u0144 Seniora \u201eAle to ju\u017c by\u0142o&#8230;\u201d&rdquo;<\/span>&hellip;<\/a><\/div>\n<\/div>\n<div class=\"link-more\"><a href=\"https:\/\/palacgoszcz.twardogora.pl\/index.php\/2025\/11\/25\/dzien-seniora-ale-to-juz-bylo\/\" class=\"more-link\">Czytaj dalej<span class=\"screen-reader-text\"> &ldquo;Dzie\u0144 Seniora \u201eAle to ju\u017c by\u0142o&#8230;\u201d&rdquo;<\/span>&hellip;<\/a><\/div>\n","protected":false},"author":4,"featured_media":4649,"comment_status":"open","ping_status":"open","sticky":false,"template":"","format":"standard","meta":{"_acf_changed":false,"_monsterinsights_skip_tracking":false,"_monsterinsights_sitenote_active":false,"_monsterinsights_sitenote_note":"","_monsterinsights_sitenote_category":0,"pgc_sgb_lightbox_settings":"","footnotes":""},"categories":[1],"tags":[],"class_list":["post-4644","post","type-post","status-publish","format-standard","has-post-thumbnail","hentry","category-aktualnosci","entry"],"acf":[],"_links":{"self":[{"href":"https:\/\/palacgoszcz.twardogora.pl\/index.php\/wp-json\/wp\/v2\/posts\/4644","targetHints":{"allow":["GET"]}}],"collection":[{"href":"https:\/\/palacgoszcz.twardogora.pl\/index.php\/wp-json\/wp\/v2\/posts"}],"about":[{"href":"https:\/\/palacgoszcz.twardogora.pl\/index.php\/wp-json\/wp\/v2\/types\/post"}],"author":[{"embeddable":true,"href":"https:\/\/palacgoszcz.twardogora.pl\/index.php\/wp-json\/wp\/v2\/users\/4"}],"replies":[{"embeddable":true,"href":"https:\/\/palacgoszcz.twardogora.pl\/index.php\/wp-json\/wp\/v2\/comments?post=4644"}],"version-history":[{"count":3,"href":"https:\/\/palacgoszcz.twardogora.pl\/index.php\/wp-json\/wp\/v2\/posts\/4644\/revisions"}],"predecessor-version":[{"id":4652,"href":"https:\/\/palacgoszcz.twardogora.pl\/index.php\/wp-json\/wp\/v2\/posts\/4644\/revisions\/4652"}],"wp:featuredmedia":[{"embeddable":true,"href":"https:\/\/palacgoszcz.twardogora.pl\/index.php\/wp-json\/wp\/v2\/media\/4649"}],"wp:attachment":[{"href":"https:\/\/palacgoszcz.twardogora.pl\/index.php\/wp-json\/wp\/v2\/media?parent=4644"}],"wp:term":[{"taxonomy":"category","embeddable":true,"href":"https:\/\/palacgoszcz.twardogora.pl\/index.php\/wp-json\/wp\/v2\/categories?post=4644"},{"taxonomy":"post_tag","embeddable":true,"href":"https:\/\/palacgoszcz.twardogora.pl\/index.php\/wp-json\/wp\/v2\/tags?post=4644"}],"curies":[{"name":"wp","href":"https:\/\/api.w.org\/{rel}","templated":true}]}}