{"id":4617,"date":"2025-11-25T13:09:45","date_gmt":"2025-11-25T12:09:45","guid":{"rendered":"https:\/\/palacgoszcz.twardogora.pl\/?p=4617"},"modified":"2025-11-25T13:10:05","modified_gmt":"2025-11-25T12:10:05","slug":"dni-karpia-w-dolinie-baryczy-2024-relacja-z-wydarzen-w-palacu","status":"publish","type":"post","link":"https:\/\/palacgoszcz.twardogora.pl\/index.php\/2025\/11\/25\/dni-karpia-w-dolinie-baryczy-2024-relacja-z-wydarzen-w-palacu\/","title":{"rendered":"Dni Karpia w Dolinie Baryczy 2024 &#8211; relacja z wydarze\u0144 w pa\u0142acu"},"content":{"rendered":"\n<p>W ramach ubieg\u0142orocznej edycji Dni Karpia w Dolinie Baryczy nasz pa\u0142ac ponownie otworzy\u0142 swoje drzwi dla zwiedzaj\u0105cych. Wydarzenia odby\u0142y si\u0119 we wrze\u015bniu i pa\u017adzierniku 2024 roku i spotka\u0142y si\u0119 z bardzo du\u017cym zainteresowaniem mieszka\u0144c\u00f3w oraz turyst\u00f3w.<\/p>\n\n\n\n<h3 class=\"wp-block-heading\">Zwiedzanie pa\u0142acu &#8211; 2024<\/h3>\n\n\n\n<p>Zwiedzanie odby\u0142o si\u0119 w kilku terminach:<\/p>\n\n\n\n<ul class=\"wp-block-list\">\n<li>22 wrze\u015bnia 2024<\/li>\n\n\n\n<li>5 pa\u017adziernika 2024<\/li>\n\n\n\n<li>6 pa\u017adziernika 2024<\/li>\n<\/ul>\n\n\n\n<p>Go\u015bcie mieli okazj\u0119 pozna\u0107 histori\u0119 pa\u0142acu, wej\u015b\u0107 do jego reprezentacyjnych wn\u0119trz oraz wys\u0142ucha\u0107 ciekawostek zwi\u0105zanych z dawnymi w\u0142a\u015bcicielami i lokaln\u0105 kultur\u0105. Ka\u017cde spotkanie zgromadzi\u0142o liczn\u0105 grup\u0119 odwiedzaj\u0105cych.<\/p>\n\n\n\n<figure class=\"wp-block-image size-large\"><img loading=\"lazy\" decoding=\"async\" width=\"1200\" height=\"540\" src=\"https:\/\/palacgoszcz.twardogora.pl\/wp-content\/uploads\/2025\/11\/484757704_677196738091594_3537065229219298840_n-1200x540.jpg\" alt=\"\" class=\"wp-image-4618\" srcset=\"https:\/\/palacgoszcz.twardogora.pl\/wp-content\/uploads\/2025\/11\/484757704_677196738091594_3537065229219298840_n-1200x540.jpg 1200w, https:\/\/palacgoszcz.twardogora.pl\/wp-content\/uploads\/2025\/11\/484757704_677196738091594_3537065229219298840_n-744x335.jpg 744w, https:\/\/palacgoszcz.twardogora.pl\/wp-content\/uploads\/2025\/11\/484757704_677196738091594_3537065229219298840_n-1536x691.jpg 1536w, https:\/\/palacgoszcz.twardogora.pl\/wp-content\/uploads\/2025\/11\/484757704_677196738091594_3537065229219298840_n.jpg 2000w\" sizes=\"auto, (max-width: 1200px) 100vw, 1200px\" \/><\/figure>\n\n\n\n<p><\/p>\n\n\n\n<h2 class=\"wp-block-heading\"><strong>Wiecz\u00f3r Legend i Opowie\u015bci &#8211; 21 pa\u017adziernika 2024<\/strong><\/h2>\n\n\n\n<p>Jesiennym zwie\u0144czeniem wydarze\u0144 by\u0142 nastrojowy Wiecz\u00f3r Legend i Opowie\u015bci, kt\u00f3ry odby\u0142 si\u0119 21 pa\u017adziernika 2024 roku. Uczestnicy wys\u0142uchali lokalnych poda\u0144, historii zwi\u0105zanych z Dolin\u0105 Baryczy oraz opowie\u015bci wzbogacaj\u0105cych wiedz\u0119 o kulturze i tradycjach regionu. W kameralnej atmosferze w sali teatralnej wydarzenie stworzy\u0142o niezapomniany klimat i pozostawi\u0142o go\u015bci z pi\u0119knymi wspomnieniami.<\/p>\n\n\n\n<figure class=\"wp-block-image size-large\"><img loading=\"lazy\" decoding=\"async\" width=\"1200\" height=\"1698\" src=\"https:\/\/palacgoszcz.twardogora.pl\/wp-content\/uploads\/2025\/11\/rano-1200x1698.jpg\" alt=\"\" class=\"wp-image-4619\" srcset=\"https:\/\/palacgoszcz.twardogora.pl\/wp-content\/uploads\/2025\/11\/rano-1200x1698.jpg 1200w, https:\/\/palacgoszcz.twardogora.pl\/wp-content\/uploads\/2025\/11\/rano-744x1053.jpg 744w, https:\/\/palacgoszcz.twardogora.pl\/wp-content\/uploads\/2025\/11\/rano-1085x1536.jpg 1085w, https:\/\/palacgoszcz.twardogora.pl\/wp-content\/uploads\/2025\/11\/rano.jpg 1447w\" sizes=\"auto, (max-width: 1200px) 100vw, 1200px\" \/><\/figure>\n\n\n\n<p><\/p>\n\n\n\n<h2 class=\"wp-block-heading\"><strong>Ryba do Syta &#8211; 5 pa\u017adziernika 2024<\/strong><\/h2>\n\n\n\n<p>5 pa\u017adziernika, odby\u0142o si\u0119 cenione wydarzenie kulinarne \u201eRyba do Syta\u201d, zorganizowane przez Gospod\u0119 Polsk\u0105 w Campusie Domas\u0142awice. Uczestnicy mieli okazj\u0119 skosztowa\u0107 regionalnych potraw rybnych, charakterystycznych dla Doliny Baryczy. <\/p>\n\n\n\n<figure class=\"wp-block-image size-full\"><img loading=\"lazy\" decoding=\"async\" width=\"1080\" height=\"1080\" src=\"https:\/\/palacgoszcz.twardogora.pl\/wp-content\/uploads\/2025\/11\/dniii.jpg\" alt=\"\" class=\"wp-image-4620\" srcset=\"https:\/\/palacgoszcz.twardogora.pl\/wp-content\/uploads\/2025\/11\/dniii.jpg 1080w, https:\/\/palacgoszcz.twardogora.pl\/wp-content\/uploads\/2025\/11\/dniii-744x744.jpg 744w, https:\/\/palacgoszcz.twardogora.pl\/wp-content\/uploads\/2025\/11\/dniii-448x448.jpg 448w\" sizes=\"auto, (max-width: 1080px) 100vw, 1080px\" \/><\/figure>\n","protected":false},"excerpt":{"rendered":"<div class=\"entry-summary\">\n<div class=\"entry-summary\">\nW ramach ubieg\u0142orocznej edycji Dni Karpia w Dolinie Baryczy nasz pa\u0142ac ponownie otworzy\u0142 swoje drzwi dla zwiedzaj\u0105cych. Wydarzenia odby\u0142y si\u0119 we wrze\u015bniu i pa\u017adzierniku 2024 roku i spotka\u0142y si\u0119 z bardzo du\u017cym zainteresowaniem mieszka\u0144c\u00f3w oraz turyst\u00f3w. Zwiedzanie pa\u0142acu &#8211; 2024&hellip;\n<\/div>\n<div class=\"link-more\"><a href=\"https:\/\/palacgoszcz.twardogora.pl\/index.php\/2025\/11\/25\/dni-karpia-w-dolinie-baryczy-2024-relacja-z-wydarzen-w-palacu\/\" class=\"more-link\">Czytaj dalej<span class=\"screen-reader-text\"> &ldquo;Dni Karpia w Dolinie Baryczy 2024 &#8211; relacja z wydarze\u0144 w pa\u0142acu&rdquo;<\/span>&hellip;<\/a><\/div>\n<\/div>\n<div class=\"link-more\"><a href=\"https:\/\/palacgoszcz.twardogora.pl\/index.php\/2025\/11\/25\/dni-karpia-w-dolinie-baryczy-2024-relacja-z-wydarzen-w-palacu\/\" class=\"more-link\">Czytaj dalej<span class=\"screen-reader-text\"> &ldquo;Dni Karpia w Dolinie Baryczy 2024 &#8211; relacja z wydarze\u0144 w pa\u0142acu&rdquo;<\/span>&hellip;<\/a><\/div>\n","protected":false},"author":1,"featured_media":4621,"comment_status":"open","ping_status":"open","sticky":false,"template":"","format":"standard","meta":{"_acf_changed":false,"_monsterinsights_skip_tracking":false,"_monsterinsights_sitenote_active":false,"_monsterinsights_sitenote_note":"","_monsterinsights_sitenote_category":0,"pgc_sgb_lightbox_settings":"","footnotes":""},"categories":[1],"tags":[],"class_list":["post-4617","post","type-post","status-publish","format-standard","has-post-thumbnail","hentry","category-aktualnosci","entry"],"acf":[],"_links":{"self":[{"href":"https:\/\/palacgoszcz.twardogora.pl\/index.php\/wp-json\/wp\/v2\/posts\/4617","targetHints":{"allow":["GET"]}}],"collection":[{"href":"https:\/\/palacgoszcz.twardogora.pl\/index.php\/wp-json\/wp\/v2\/posts"}],"about":[{"href":"https:\/\/palacgoszcz.twardogora.pl\/index.php\/wp-json\/wp\/v2\/types\/post"}],"author":[{"embeddable":true,"href":"https:\/\/palacgoszcz.twardogora.pl\/index.php\/wp-json\/wp\/v2\/users\/1"}],"replies":[{"embeddable":true,"href":"https:\/\/palacgoszcz.twardogora.pl\/index.php\/wp-json\/wp\/v2\/comments?post=4617"}],"version-history":[{"count":3,"href":"https:\/\/palacgoszcz.twardogora.pl\/index.php\/wp-json\/wp\/v2\/posts\/4617\/revisions"}],"predecessor-version":[{"id":4624,"href":"https:\/\/palacgoszcz.twardogora.pl\/index.php\/wp-json\/wp\/v2\/posts\/4617\/revisions\/4624"}],"wp:featuredmedia":[{"embeddable":true,"href":"https:\/\/palacgoszcz.twardogora.pl\/index.php\/wp-json\/wp\/v2\/media\/4621"}],"wp:attachment":[{"href":"https:\/\/palacgoszcz.twardogora.pl\/index.php\/wp-json\/wp\/v2\/media?parent=4617"}],"wp:term":[{"taxonomy":"category","embeddable":true,"href":"https:\/\/palacgoszcz.twardogora.pl\/index.php\/wp-json\/wp\/v2\/categories?post=4617"},{"taxonomy":"post_tag","embeddable":true,"href":"https:\/\/palacgoszcz.twardogora.pl\/index.php\/wp-json\/wp\/v2\/tags?post=4617"}],"curies":[{"name":"wp","href":"https:\/\/api.w.org\/{rel}","templated":true}]}}