{"id":3206,"date":"2023-05-08T09:11:59","date_gmt":"2023-05-08T07:11:59","guid":{"rendered":"https:\/\/palacgoszcz.twardogora.pl\/?p=3206"},"modified":"2023-05-16T10:24:39","modified_gmt":"2023-05-16T08:24:39","slug":"goszcz-po-raz-pierwszy-w-papieskim-dokumencie","status":"publish","type":"post","link":"https:\/\/palacgoszcz.twardogora.pl\/index.php\/2023\/05\/08\/goszcz-po-raz-pierwszy-w-papieskim-dokumencie\/","title":{"rendered":"Goszcz po raz pierwszy, w papieskim dokumencie!"},"content":{"rendered":"\n<h2>Goszcz po raz pierwszy! I to w papieskim dokumencie.<\/h2>\n<p>23 kwietnia, ale 868 lat temu po raz pierwszy zosta\u0142a wzmiankowana nazwa Goszcza. W \u00f3wczesnym brzmieniu &#8211; jako Goztech &#8211; wymieniono j\u0105 w bulli papie\u017ca Hadriana IV, w\u015br\u00f3d ponad 50 polskich nazw os\u00f3b i miejsc. Dokument ten, zwany <em>Srebrn\u0105 bull\u0105 \u015bl\u0105sk\u0105<\/em> lub <em>Bull\u0105 wroc\u0142awsk\u0105<\/em>. Do tego czasu zagini\u0119cia (w 1945 roku) bulla by\u0142a najstarszym zachowanym w oryginale dokumentem \u015bl\u0105skim. Zosta\u0142a wydana (prawdopodobnie) 23 kwietnia 1155 r. &#8211; dla diecezji wroc\u0142awskiej, potwierdzaj\u0105c jej uposa\u017cenie.<\/p>\n\t\t\t\t<img loading=\"lazy\" decoding=\"async\" src=\"https:\/\/palacgoszcz.twardogora.pl\/wp-content\/uploads\/2023\/05\/20023_05_08_hadrian_01.jpg\" alt=\"20023_05_08_hadrian_01\" itemprop=\"image\" title=\"20023_05_08_hadrian_01\" onerror=\"this.style.display='none'\" width=\"1200\" height=\"1521\">\n\t<p>Kontrowersje wzbudza data wystawienia bulli &#8211; w oryginale jest data 23 kwietnia 1154, jednak Hadrian IV zosta\u0142 wybrany papie\u017cem dopiero 4 grudnia 1154 r. Data zosta\u0142a wpisana w pozostawion\u0105 w tek\u015bcie luk\u0119 tym samym charakterem pisma, ale nieco innym atramentem. Dlatego te\u017c przypuszcza si\u0119, \u017ce w dokumencie mog\u0142a nast\u0105pi\u0107 pomy\u0142ka co do roku. Mo\u017cliwe s\u0105 jednak te\u017c inne wyja\u015bnienia, np. \u017ce redakcja bulli mia\u0142a miejsce jeszcze za pontyfikatu Anastazego IV.<\/p>\n<p><em>Bulla oznacza okr\u0105g\u0142\u0105 o\u0142owian\u0105 piecz\u0119\u0107 dwustronnie odci\u015bni\u0119t\u0105, u\u017cywan\u0105 w kancelarii papieskiej, jednak potocznie ju\u017c w \u015bredniowieczu tak nazywany by\u0142 r\u00f3wnie\u017c dokument papieski.<\/em><\/p>\n\t\t\t\t<img loading=\"lazy\" decoding=\"async\" src=\"https:\/\/palacgoszcz.twardogora.pl\/wp-content\/uploads\/2023\/05\/20023_05_08_hadrian_02.jpg\" alt=\"20023_05_08_hadrian_02\" itemprop=\"image\" title=\"20023_05_08_hadrian_02\" onerror=\"this.style.display='none'\" width=\"1200\" height=\"1360\">\n","protected":false},"excerpt":{"rendered":"<div class=\"entry-summary\">\n<div class=\"entry-summary\">\n23 kwietnia, ale 868 lat temu po raz pierwszy zosta\u0142a wzmiankowana nazwa Goszcza.\n<\/div>\n<div class=\"link-more\"><a href=\"https:\/\/palacgoszcz.twardogora.pl\/index.php\/2023\/05\/08\/goszcz-po-raz-pierwszy-w-papieskim-dokumencie\/\" class=\"more-link\">Czytaj dalej<span class=\"screen-reader-text\"> &ldquo;Goszcz po raz pierwszy, w papieskim dokumencie!&rdquo;<\/span>&hellip;<\/a><\/div>\n<\/div>\n<div class=\"link-more\"><a href=\"https:\/\/palacgoszcz.twardogora.pl\/index.php\/2023\/05\/08\/goszcz-po-raz-pierwszy-w-papieskim-dokumencie\/\" class=\"more-link\">Czytaj dalej<span class=\"screen-reader-text\"> &ldquo;Goszcz po raz pierwszy, w papieskim dokumencie!&rdquo;<\/span>&hellip;<\/a><\/div>\n","protected":false},"author":1,"featured_media":3207,"comment_status":"closed","ping_status":"closed","sticky":false,"template":"","format":"standard","meta":{"_acf_changed":false,"_monsterinsights_skip_tracking":false,"_monsterinsights_sitenote_active":false,"_monsterinsights_sitenote_note":"","_monsterinsights_sitenote_category":0,"pgc_sgb_lightbox_settings":"","footnotes":""},"categories":[1],"tags":[],"class_list":["post-3206","post","type-post","status-publish","format-standard","has-post-thumbnail","hentry","category-aktualnosci","entry"],"acf":[],"_links":{"self":[{"href":"https:\/\/palacgoszcz.twardogora.pl\/index.php\/wp-json\/wp\/v2\/posts\/3206","targetHints":{"allow":["GET"]}}],"collection":[{"href":"https:\/\/palacgoszcz.twardogora.pl\/index.php\/wp-json\/wp\/v2\/posts"}],"about":[{"href":"https:\/\/palacgoszcz.twardogora.pl\/index.php\/wp-json\/wp\/v2\/types\/post"}],"author":[{"embeddable":true,"href":"https:\/\/palacgoszcz.twardogora.pl\/index.php\/wp-json\/wp\/v2\/users\/1"}],"replies":[{"embeddable":true,"href":"https:\/\/palacgoszcz.twardogora.pl\/index.php\/wp-json\/wp\/v2\/comments?post=3206"}],"version-history":[{"count":5,"href":"https:\/\/palacgoszcz.twardogora.pl\/index.php\/wp-json\/wp\/v2\/posts\/3206\/revisions"}],"predecessor-version":[{"id":3214,"href":"https:\/\/palacgoszcz.twardogora.pl\/index.php\/wp-json\/wp\/v2\/posts\/3206\/revisions\/3214"}],"wp:featuredmedia":[{"embeddable":true,"href":"https:\/\/palacgoszcz.twardogora.pl\/index.php\/wp-json\/wp\/v2\/media\/3207"}],"wp:attachment":[{"href":"https:\/\/palacgoszcz.twardogora.pl\/index.php\/wp-json\/wp\/v2\/media?parent=3206"}],"wp:term":[{"taxonomy":"category","embeddable":true,"href":"https:\/\/palacgoszcz.twardogora.pl\/index.php\/wp-json\/wp\/v2\/categories?post=3206"},{"taxonomy":"post_tag","embeddable":true,"href":"https:\/\/palacgoszcz.twardogora.pl\/index.php\/wp-json\/wp\/v2\/tags?post=3206"}],"curies":[{"name":"wp","href":"https:\/\/api.w.org\/{rel}","templated":true}]}}