{"id":3168,"date":"2023-03-23T14:56:58","date_gmt":"2023-03-23T13:56:58","guid":{"rendered":"https:\/\/palacgoszcz.twardogora.pl\/?p=3168"},"modified":"2023-04-13T08:10:02","modified_gmt":"2023-04-13T06:10:02","slug":"powitanie-wiosny-pod-palacem","status":"publish","type":"post","link":"https:\/\/palacgoszcz.twardogora.pl\/index.php\/2023\/03\/23\/powitanie-wiosny-pod-palacem\/","title":{"rendered":"Powitanie wiosny pod Pa\u0142acem"},"content":{"rendered":"\n<p>Powitanie wiosny przez uczni\u00f3w Szko\u0142y Podstawowej w Goszczu zainaugurowa\u0142o cykl wydarze\u0144 zwi\u0105zanych z projektem \u201eRestauracja i rewitalizacja zabytkowego pa\u0142acu w Goszczu&#8221;.<\/p>\n<p>W pierwszej tegorocznej imprezie z cyklu &#8222;Cztery pory roku &#8211; powitanie wiosny&#8221; uczestniczy\u0142y przede wszystkim dzieci i m\u0142odzie\u017c ze Szko\u0142y Podstawowej w Goszczu. Towarzyszyli im: burmistrz Pawe\u0142 Czuli\u0144ski, dyrektor Zofia Jelonek, so\u0142tys Goszcza Stanis\u0142aw Kadela oraz pracownicy Biblioteki Publicznej Miasta i Gminy im. W\u0142. St. Reymonta w Twardog\u00f3rze, Zesp\u00f3\u0142 Pie\u015bni i Ta\u0144ca &#8222;Skorynianie&#8221; oraz mieszka\u0144cy Goszcza.<\/p>\n<p><em>Wsp\u00f3lnie dzia\u0142amy na rzecz Europy zielonej, konkurencyjnej i sprzyjaj\u0105cej integracji spo\u0142ecznej.<\/em><\/p>\n<p><em>Projekt &#8222;Restauracja i rewitalizacja zabytkowego pa\u0142acu w Goszczu&#8221; realizowany jest w ramach dzia\u0142ania 1. &#8222;Poprawa zarz\u0105dzania dziedzictwem kulturowym&#8221;, poddzia\u0142ania 1.1. &#8222;Restauracja i rewitalizacja dziedzictwa kulturowego&#8221; Programu &#8222;Kultura&#8221;, wsp\u00f3\u0142finansowanego z Mechanizmu Finansowego Europejskiego Obszaru Gospodarczego na lata 2014-2021.<\/em><\/p>\n<div id='gallery-1' class='gallery galleryid-3168 gallery-columns-1 gallery-size-medium'><figure class='gallery-item'>\n\t\t\t<div class='gallery-icon landscape'>\n\t\t\t\t<img loading=\"lazy\" decoding=\"async\" width=\"744\" height=\"496\" src=\"https:\/\/palacgoszcz.twardogora.pl\/wp-content\/uploads\/2023\/03\/2023_03_21_powitanie_wiosny_goszcz_020-744x496.jpg\" class=\"attachment-medium size-medium\" alt=\"\" srcset=\"https:\/\/palacgoszcz.twardogora.pl\/wp-content\/uploads\/2023\/03\/2023_03_21_powitanie_wiosny_goszcz_020-744x496.jpg 744w, https:\/\/palacgoszcz.twardogora.pl\/wp-content\/uploads\/2023\/03\/2023_03_21_powitanie_wiosny_goszcz_020.jpg 1200w\" sizes=\"auto, (max-width: 744px) 100vw, 744px\" \/>\n\t\t\t<\/div><\/figure><figure class='gallery-item'>\n\t\t\t<div class='gallery-icon landscape'>\n\t\t\t\t<img loading=\"lazy\" decoding=\"async\" width=\"744\" height=\"496\" src=\"https:\/\/palacgoszcz.twardogora.pl\/wp-content\/uploads\/2023\/03\/2023_03_21_powitanie_wiosny_goszcz_033-744x496.jpg\" class=\"attachment-medium size-medium\" alt=\"\" srcset=\"https:\/\/palacgoszcz.twardogora.pl\/wp-content\/uploads\/2023\/03\/2023_03_21_powitanie_wiosny_goszcz_033-744x496.jpg 744w, https:\/\/palacgoszcz.twardogora.pl\/wp-content\/uploads\/2023\/03\/2023_03_21_powitanie_wiosny_goszcz_033.jpg 1200w\" sizes=\"auto, (max-width: 744px) 100vw, 744px\" \/>\n\t\t\t<\/div><\/figure><figure class='gallery-item'>\n\t\t\t<div class='gallery-icon landscape'>\n\t\t\t\t<img loading=\"lazy\" decoding=\"async\" width=\"744\" height=\"496\" src=\"https:\/\/palacgoszcz.twardogora.pl\/wp-content\/uploads\/2023\/03\/2023_03_21_powitanie_wiosny_goszcz_030-744x496.jpg\" class=\"attachment-medium size-medium\" alt=\"\" srcset=\"https:\/\/palacgoszcz.twardogora.pl\/wp-content\/uploads\/2023\/03\/2023_03_21_powitanie_wiosny_goszcz_030-744x496.jpg 744w, https:\/\/palacgoszcz.twardogora.pl\/wp-content\/uploads\/2023\/03\/2023_03_21_powitanie_wiosny_goszcz_030.jpg 1200w\" sizes=\"auto, (max-width: 744px) 100vw, 744px\" \/>\n\t\t\t<\/div><\/figure><figure class='gallery-item'>\n\t\t\t<div class='gallery-icon landscape'>\n\t\t\t\t<img loading=\"lazy\" decoding=\"async\" width=\"744\" height=\"496\" src=\"https:\/\/palacgoszcz.twardogora.pl\/wp-content\/uploads\/2023\/03\/2023_03_21_powitanie_wiosny_goszcz_041-744x496.jpg\" class=\"attachment-medium size-medium\" alt=\"\" srcset=\"https:\/\/palacgoszcz.twardogora.pl\/wp-content\/uploads\/2023\/03\/2023_03_21_powitanie_wiosny_goszcz_041-744x496.jpg 744w, https:\/\/palacgoszcz.twardogora.pl\/wp-content\/uploads\/2023\/03\/2023_03_21_powitanie_wiosny_goszcz_041.jpg 1200w\" sizes=\"auto, (max-width: 744px) 100vw, 744px\" \/>\n\t\t\t<\/div><\/figure><figure class='gallery-item'>\n\t\t\t<div class='gallery-icon landscape'>\n\t\t\t\t<img loading=\"lazy\" decoding=\"async\" width=\"744\" height=\"496\" src=\"https:\/\/palacgoszcz.twardogora.pl\/wp-content\/uploads\/2023\/03\/2023_03_21_powitanie_wiosny_goszcz_096-744x496.jpg\" class=\"attachment-medium size-medium\" alt=\"\" srcset=\"https:\/\/palacgoszcz.twardogora.pl\/wp-content\/uploads\/2023\/03\/2023_03_21_powitanie_wiosny_goszcz_096-744x496.jpg 744w, https:\/\/palacgoszcz.twardogora.pl\/wp-content\/uploads\/2023\/03\/2023_03_21_powitanie_wiosny_goszcz_096.jpg 1200w\" sizes=\"auto, (max-width: 744px) 100vw, 744px\" \/>\n\t\t\t<\/div><\/figure>\n\t\t<\/div>\n\n<a href=\"\/index.php\/project\/powitanie-wiosny-21-03-2023\/\" class=\"wm-button size-medium button\">wi\u0119cej zdj\u0119\u0107 w galerii<\/a>\n","protected":false},"excerpt":{"rendered":"<div class=\"entry-summary\">\n<div class=\"entry-summary\">\nPowitanie wiosny przez uczni\u00f3w Szko\u0142y Podstawowej w Goszczu zainaugurowa\u0142o cykl wydarze\u0144 zwi\u0105zanych z projektem.\n<\/div>\n<div class=\"link-more\"><a href=\"https:\/\/palacgoszcz.twardogora.pl\/index.php\/2023\/03\/23\/powitanie-wiosny-pod-palacem\/\" class=\"more-link\">Czytaj dalej<span class=\"screen-reader-text\"> &ldquo;Powitanie wiosny pod Pa\u0142acem&rdquo;<\/span>&hellip;<\/a><\/div>\n<\/div>\n<div class=\"link-more\"><a href=\"https:\/\/palacgoszcz.twardogora.pl\/index.php\/2023\/03\/23\/powitanie-wiosny-pod-palacem\/\" class=\"more-link\">Czytaj dalej<span class=\"screen-reader-text\"> &ldquo;Powitanie wiosny pod Pa\u0142acem&rdquo;<\/span>&hellip;<\/a><\/div>\n","protected":false},"author":1,"featured_media":3167,"comment_status":"closed","ping_status":"closed","sticky":false,"template":"","format":"standard","meta":{"_acf_changed":false,"_monsterinsights_skip_tracking":false,"_monsterinsights_sitenote_active":false,"_monsterinsights_sitenote_note":"","_monsterinsights_sitenote_category":0,"pgc_sgb_lightbox_settings":"","footnotes":""},"categories":[1],"tags":[],"class_list":["post-3168","post","type-post","status-publish","format-standard","has-post-thumbnail","hentry","category-aktualnosci","entry"],"acf":[],"_links":{"self":[{"href":"https:\/\/palacgoszcz.twardogora.pl\/index.php\/wp-json\/wp\/v2\/posts\/3168","targetHints":{"allow":["GET"]}}],"collection":[{"href":"https:\/\/palacgoszcz.twardogora.pl\/index.php\/wp-json\/wp\/v2\/posts"}],"about":[{"href":"https:\/\/palacgoszcz.twardogora.pl\/index.php\/wp-json\/wp\/v2\/types\/post"}],"author":[{"embeddable":true,"href":"https:\/\/palacgoszcz.twardogora.pl\/index.php\/wp-json\/wp\/v2\/users\/1"}],"replies":[{"embeddable":true,"href":"https:\/\/palacgoszcz.twardogora.pl\/index.php\/wp-json\/wp\/v2\/comments?post=3168"}],"version-history":[{"count":3,"href":"https:\/\/palacgoszcz.twardogora.pl\/index.php\/wp-json\/wp\/v2\/posts\/3168\/revisions"}],"predecessor-version":[{"id":3188,"href":"https:\/\/palacgoszcz.twardogora.pl\/index.php\/wp-json\/wp\/v2\/posts\/3168\/revisions\/3188"}],"wp:featuredmedia":[{"embeddable":true,"href":"https:\/\/palacgoszcz.twardogora.pl\/index.php\/wp-json\/wp\/v2\/media\/3167"}],"wp:attachment":[{"href":"https:\/\/palacgoszcz.twardogora.pl\/index.php\/wp-json\/wp\/v2\/media?parent=3168"}],"wp:term":[{"taxonomy":"category","embeddable":true,"href":"https:\/\/palacgoszcz.twardogora.pl\/index.php\/wp-json\/wp\/v2\/categories?post=3168"},{"taxonomy":"post_tag","embeddable":true,"href":"https:\/\/palacgoszcz.twardogora.pl\/index.php\/wp-json\/wp\/v2\/tags?post=3168"}],"curies":[{"name":"wp","href":"https:\/\/api.w.org\/{rel}","templated":true}]}}